{"id":1,"name":"admin","url":"https:\/\/racodelacalma.com","description":"","link":"https:\/\/racodelacalma.com\/inici\/author\/admin\/","slug":"admin","avatar_urls":{"24":"https:\/\/secure.gravatar.com\/avatar\/0bbb5765594baaa323b58b57926b3d7976708f18854390fef40c88a59647f3b8?s=24&d=mm&r=g","48":"https:\/\/secure.gravatar.com\/avatar\/0bbb5765594baaa323b58b57926b3d7976708f18854390fef40c88a59647f3b8?s=48&d=mm&r=g","96":"https:\/\/secure.gravatar.com\/avatar\/0bbb5765594baaa323b58b57926b3d7976708f18854390fef40c88a59647f3b8?s=96&d=mm&r=g"},"meta":[],"yoast_head":"<!-- This site is optimized with the Yoast SEO plugin v27.5 - https:\/\/yoast.com\/product\/yoast-seo-wordpress\/ -->\n<title>admin, Author at Rac\u00f3 de la calma<\/title>\n<meta name=\"robots\" content=\"index, follow, max-snippet:-1, max-image-preview:large, max-video-preview:-1\" \/>\n<link rel=\"canonical\" href=\"https:\/\/racodelacalma.com\/inici\/author\/admin\/\" \/>\n<meta property=\"og:locale\" content=\"ca_ES\" \/>\n<meta property=\"og:type\" content=\"profile\" \/>\n<meta property=\"og:title\" content=\"admin, Author at Rac\u00f3 de la calma\" \/>\n<meta property=\"og:url\" content=\"https:\/\/racodelacalma.com\/inici\/author\/admin\/\" \/>\n<meta property=\"og:site_name\" content=\"Rac\u00f3 de la calma\" \/>\n<meta property=\"og:image\" content=\"https:\/\/secure.gravatar.com\/avatar\/0bbb5765594baaa323b58b57926b3d7976708f18854390fef40c88a59647f3b8?s=500&d=mm&r=g\" \/>\n<meta name=\"twitter:card\" content=\"summary_large_image\" \/>\n<script type=\"application\/ld+json\" class=\"yoast-schema-graph\">{\"@context\":\"https:\\\/\\\/schema.org\",\"@graph\":[{\"@type\":\"ProfilePage\",\"@id\":\"https:\\\/\\\/racodelacalma.com\\\/inici\\\/author\\\/admin\\\/\",\"url\":\"https:\\\/\\\/racodelacalma.com\\\/inici\\\/author\\\/admin\\\/\",\"name\":\"admin, Author at Rac\u00f3 de la calma\",\"isPartOf\":{\"@id\":\"https:\\\/\\\/racodelacalma.com\\\/inici\\\/#website\"},\"breadcrumb\":{\"@id\":\"https:\\\/\\\/racodelacalma.com\\\/inici\\\/author\\\/admin\\\/#breadcrumb\"},\"inLanguage\":\"ca\",\"potentialAction\":[{\"@type\":\"ReadAction\",\"target\":[\"https:\\\/\\\/racodelacalma.com\\\/inici\\\/author\\\/admin\\\/\"]}]},{\"@type\":\"BreadcrumbList\",\"@id\":\"https:\\\/\\\/racodelacalma.com\\\/inici\\\/author\\\/admin\\\/#breadcrumb\",\"itemListElement\":[{\"@type\":\"ListItem\",\"position\":1,\"name\":\"Home\",\"item\":\"https:\\\/\\\/racodelacalma.com\\\/inici\\\/\"},{\"@type\":\"ListItem\",\"position\":2,\"name\":\"Archives for admin\"}]},{\"@type\":\"WebSite\",\"@id\":\"https:\\\/\\\/racodelacalma.com\\\/inici\\\/#website\",\"url\":\"https:\\\/\\\/racodelacalma.com\\\/inici\\\/\",\"name\":\"Rac\u00f3 de la calma\",\"description\":\"Un espai per reflexionar sobre educaci\u00f3 inclusiva i on trobar\u00e0s materials, jocs, idees per treballar des d&#039;infantil a secund\u00e0ria... I molt m\u00e9s!\",\"publisher\":{\"@id\":\"https:\\\/\\\/racodelacalma.com\\\/inici\\\/#\\\/schema\\\/person\\\/c2b2f8c57428e873bc2e91f3d6c0abd2\"},\"alternateName\":\"racodelacalma\",\"potentialAction\":[{\"@type\":\"SearchAction\",\"target\":{\"@type\":\"EntryPoint\",\"urlTemplate\":\"https:\\\/\\\/racodelacalma.com\\\/inici\\\/?s={search_term_string}\"},\"query-input\":{\"@type\":\"PropertyValueSpecification\",\"valueRequired\":true,\"valueName\":\"search_term_string\"}}],\"inLanguage\":\"ca\"},{\"@type\":[\"Person\",\"Organization\"],\"@id\":\"https:\\\/\\\/racodelacalma.com\\\/inici\\\/#\\\/schema\\\/person\\\/c2b2f8c57428e873bc2e91f3d6c0abd2\",\"name\":\"admin\",\"image\":{\"@type\":\"ImageObject\",\"inLanguage\":\"ca\",\"@id\":\"https:\\\/\\\/racodelacalma.com\\\/wp-content\\\/uploads\\\/2026\\\/04\\\/Diseno-sin-titulo.png\",\"url\":\"https:\\\/\\\/racodelacalma.com\\\/wp-content\\\/uploads\\\/2026\\\/04\\\/Diseno-sin-titulo.png\",\"contentUrl\":\"https:\\\/\\\/racodelacalma.com\\\/wp-content\\\/uploads\\\/2026\\\/04\\\/Diseno-sin-titulo.png\",\"width\":1536,\"height\":1024,\"caption\":\"admin\"},\"logo\":{\"@id\":\"https:\\\/\\\/racodelacalma.com\\\/wp-content\\\/uploads\\\/2026\\\/04\\\/Diseno-sin-titulo.png\"},\"sameAs\":[\"https:\\\/\\\/racodelacalma.com\",\"https:\\\/\\\/es.pinterest.com\\\/racodelacalma10\\\/\",\"https:\\\/\\\/www.youtube.com\\\/@racodelacalma\"],\"mainEntityOfPage\":{\"@id\":\"https:\\\/\\\/racodelacalma.com\\\/inici\\\/author\\\/admin\\\/\"}}]}<\/script>\n<!-- \/ Yoast SEO plugin. -->","yoast_head_json":{"title":"admin, Author at Rac\u00f3 de la calma","robots":{"index":"index","follow":"follow","max-snippet":"max-snippet:-1","max-image-preview":"max-image-preview:large","max-video-preview":"max-video-preview:-1"},"canonical":"https:\/\/racodelacalma.com\/inici\/author\/admin\/","og_locale":"ca_ES","og_type":"profile","og_title":"admin, Author at Rac\u00f3 de la calma","og_url":"https:\/\/racodelacalma.com\/inici\/author\/admin\/","og_site_name":"Rac\u00f3 de la calma","og_image":[{"url":"https:\/\/secure.gravatar.com\/avatar\/0bbb5765594baaa323b58b57926b3d7976708f18854390fef40c88a59647f3b8?s=500&d=mm&r=g","type":"","width":"","height":""}],"twitter_card":"summary_large_image","schema":{"@context":"https:\/\/schema.org","@graph":[{"@type":"ProfilePage","@id":"https:\/\/racodelacalma.com\/inici\/author\/admin\/","url":"https:\/\/racodelacalma.com\/inici\/author\/admin\/","name":"admin, Author at Rac\u00f3 de la calma","isPartOf":{"@id":"https:\/\/racodelacalma.com\/inici\/#website"},"breadcrumb":{"@id":"https:\/\/racodelacalma.com\/inici\/author\/admin\/#breadcrumb"},"inLanguage":"ca","potentialAction":[{"@type":"ReadAction","target":["https:\/\/racodelacalma.com\/inici\/author\/admin\/"]}]},{"@type":"BreadcrumbList","@id":"https:\/\/racodelacalma.com\/inici\/author\/admin\/#breadcrumb","itemListElement":[{"@type":"ListItem","position":1,"name":"Home","item":"https:\/\/racodelacalma.com\/inici\/"},{"@type":"ListItem","position":2,"name":"Archives for admin"}]},{"@type":"WebSite","@id":"https:\/\/racodelacalma.com\/inici\/#website","url":"https:\/\/racodelacalma.com\/inici\/","name":"Rac\u00f3 de la calma","description":"Un espai per reflexionar sobre educaci\u00f3 inclusiva i on trobar\u00e0s materials, jocs, idees per treballar des d&#039;infantil a secund\u00e0ria... I molt m\u00e9s!","publisher":{"@id":"https:\/\/racodelacalma.com\/inici\/#\/schema\/person\/c2b2f8c57428e873bc2e91f3d6c0abd2"},"alternateName":"racodelacalma","potentialAction":[{"@type":"SearchAction","target":{"@type":"EntryPoint","urlTemplate":"https:\/\/racodelacalma.com\/inici\/?s={search_term_string}"},"query-input":{"@type":"PropertyValueSpecification","valueRequired":true,"valueName":"search_term_string"}}],"inLanguage":"ca"},{"@type":["Person","Organization"],"@id":"https:\/\/racodelacalma.com\/inici\/#\/schema\/person\/c2b2f8c57428e873bc2e91f3d6c0abd2","name":"admin","image":{"@type":"ImageObject","inLanguage":"ca","@id":"https:\/\/racodelacalma.com\/wp-content\/uploads\/2026\/04\/Diseno-sin-titulo.png","url":"https:\/\/racodelacalma.com\/wp-content\/uploads\/2026\/04\/Diseno-sin-titulo.png","contentUrl":"https:\/\/racodelacalma.com\/wp-content\/uploads\/2026\/04\/Diseno-sin-titulo.png","width":1536,"height":1024,"caption":"admin"},"logo":{"@id":"https:\/\/racodelacalma.com\/wp-content\/uploads\/2026\/04\/Diseno-sin-titulo.png"},"sameAs":["https:\/\/racodelacalma.com","https:\/\/es.pinterest.com\/racodelacalma10\/","https:\/\/www.youtube.com\/@racodelacalma"],"mainEntityOfPage":{"@id":"https:\/\/racodelacalma.com\/inici\/author\/admin\/"}}]}},"elementor_introduction":{"ai-get-started-announcement":true,"yoast-introduction":true,"globals_introduction":true,"exit_to":true,"favorites-notice":true,"ai_promotion_introduction_textarea":true,"ai_get_started":true,"e-ai-attachment-badge":true,"yoast-introduction-editor-v2":true,"birthday_pointer_2025":true,"e-editor-one-notice-pointer":true,"e-ai-product-image-unification":true,"atomic_elements_promo":true,"ai_get_started_introduction_site_logo_with_ai_site-settings":true},"_links":{"self":[{"href":"https:\/\/racodelacalma.com\/inici\/wp-json\/wp\/v2\/users\/1","targetHints":{"allow":["GET"]}}],"collection":[{"href":"https:\/\/racodelacalma.com\/inici\/wp-json\/wp\/v2\/users"}]}}