{"id":3857,"date":"2026-04-29T21:36:28","date_gmt":"2026-04-29T21:36:28","guid":{"rendered":"https:\/\/racodelacalma.com\/inici\/?p=3857"},"modified":"2026-04-30T13:05:50","modified_gmt":"2026-04-30T13:05:50","slug":"educacio-emocional-collapses","status":"publish","type":"post","link":"https:\/\/racodelacalma.com\/inici\/educacio-emocional-collapses\/","title":{"rendered":"Educaci\u00f3 emocional: acompanyar rebequeries i col\u00b7lapses"},"content":{"rendered":"\t\t<div data-elementor-type=\"wp-post\" data-elementor-id=\"3857\" class=\"elementor elementor-3857\">\n\t\t\t\t<div class=\"elementor-element elementor-element-uoquh1x e-flex e-con-boxed e-con e-parent\" data-id=\"uoquh1x\" data-element_type=\"container\" data-e-type=\"container\" data-settings=\"{&quot;background_background&quot;:&quot;classic&quot;}\">\n\t\t\t\t\t<div class=\"e-con-inner\">\n\t\t<div class=\"elementor-element elementor-element-d21b7e0 e-flex e-con-boxed e-con e-child\" data-id=\"d21b7e0\" data-element_type=\"container\" data-e-type=\"container\">\n\t\t\t\t\t<div class=\"e-con-inner\">\n\t\t\t\t<div class=\"elementor-element elementor-element-e9fd9dc elementor-widget elementor-widget-heading\" data-id=\"e9fd9dc\" data-element_type=\"widget\" data-e-type=\"widget\" data-widget_type=\"heading.default\">\n\t\t\t\t<div class=\"elementor-widget-container\">\n\t\t\t\t\t<h1 class=\"elementor-heading-title elementor-size-default\">Educaci\u00f3 emocional: com acompanyar \"rebequeries\", col\u00b7lapses i emocions intenses<\/h1>\t\t\t\t<\/div>\n\t\t\t\t<\/div>\n\t\t\t\t\t<\/div>\n\t\t\t\t<\/div>\n\t\t\t\t\t<\/div>\n\t\t\t\t<\/div>\n\t\t<div class=\"elementor-element elementor-element-5d1a67c e-flex e-con-boxed e-con e-parent\" data-id=\"5d1a67c\" data-element_type=\"container\" data-e-type=\"container\">\n\t\t\t\t\t<div class=\"e-con-inner\">\n\t\t\t\t<div class=\"elementor-element elementor-element-0c17695 elementor-widget elementor-widget-heading\" data-id=\"0c17695\" data-element_type=\"widget\" data-e-type=\"widget\" data-widget_type=\"heading.default\">\n\t\t\t\t<div class=\"elementor-widget-container\">\n\t\t\t\t\t<h2 class=\"elementor-heading-title elementor-size-default\">Les emocions no s\u00f3n bones ni dolentes: s\u00f3n informaci\u00f3<\/h2>\t\t\t\t<\/div>\n\t\t\t\t<\/div>\n\t\t\t\t\t<\/div>\n\t\t\t\t<\/div>\n\t\t<div class=\"elementor-element elementor-element-267c12d e-flex e-con-boxed e-con e-parent\" data-id=\"267c12d\" data-element_type=\"container\" data-e-type=\"container\">\n\t\t\t\t\t<div class=\"e-con-inner\">\n\t\t\t\t<div class=\"elementor-element elementor-element-5c5cc38 elementor-widget elementor-widget-text-editor\" data-id=\"5c5cc38\" data-element_type=\"widget\" data-e-type=\"widget\" data-widget_type=\"text-editor.default\">\n\t\t\t\t<div class=\"elementor-widget-container\">\n\t\t\t\t\t\t\t\t\t<p data-start=\"779\" data-end=\"993\">L\u2019educaci\u00f3 emocional ha de partir d\u2019una idea essencial: <strong data-start=\"840\" data-end=\"881\">les emocions no s\u00f3n bones ni dolentes<\/strong>. S\u00f3n missatges. Informaci\u00f3 sobre el m\u00f3n intern de l\u2019infant i sobre com est\u00e0 vivint el que passa al seu voltant.<\/p>\n<p data-start=\"995\" data-end=\"1234\">Algunes emocions seran m\u00e9s agradables \u2014com l\u2019alegria o la curiositat\u2014 i d\u2019altres m\u00e9s intenses o inc\u00f2modes \u2014com la r\u00e0bia, la por o la frustraci\u00f3\u2014. Per\u00f2 totes tenen el mateix valor: <strong data-start=\"1175\" data-end=\"1233\">ajuden a comprendre necessitats, l\u00edmits i experi\u00e8ncies<\/strong>. Aprendre a &#8220;llegir&#8221; qu\u00e8 diu cada emoci\u00f3, doncs, \u00e9s clau per a una vida emocionalment saludable<span style=\"font-style: inherit; font-weight: inherit; letter-spacing: -0.9px;\">.\u00a0<\/span><\/p>\n<p data-start=\"995\" data-end=\"1234\">\u00a0<\/p>\t\t\t\t\t\t\t\t<\/div>\n\t\t\t\t<\/div>\n\t\t\t\t<div class=\"elementor-element elementor-element-6658dc9 elementor-widget elementor-widget-heading\" data-id=\"6658dc9\" data-element_type=\"widget\" data-e-type=\"widget\" data-widget_type=\"heading.default\">\n\t\t\t\t<div class=\"elementor-widget-container\">\n\t\t\t\t\t<h4 class=\"elementor-heading-title elementor-size-default\">Acompanyar les emocions dels infants no \u00e9s ensenyar-los a \u201ccontrolar-se\u201d, sin\u00f3 aprendre a entendre qu\u00e8 estan comunicant amb el que senten.<\/h4>\t\t\t\t<\/div>\n\t\t\t\t<\/div>\n\t\t\t\t\t<\/div>\n\t\t\t\t<\/div>\n\t\t<div class=\"elementor-element elementor-element-e2f41cc e-flex e-con-boxed e-con e-parent\" data-id=\"e2f41cc\" data-element_type=\"container\" data-e-type=\"container\">\n\t\t\t\t\t<div class=\"e-con-inner\">\n\t\t\t\t<div class=\"elementor-element elementor-element-b2bfbd8 elementor-widget elementor-widget-text-editor\" data-id=\"b2bfbd8\" data-element_type=\"widget\" data-e-type=\"widget\" data-widget_type=\"text-editor.default\">\n\t\t\t\t<div class=\"elementor-widget-container\">\n\t\t\t\t\t\t\t\t\t<p>Tamb\u00e9 ho \u00e9s acceptar que sentir X emoci\u00f3 no fa les persones bones o dolentes i per tant, cal crear espais per poder expressar de forma sana all\u00f2 que es sent, sense reprimir les emocions inc\u00f2modes. \u00c9s a dir, un nen\/a pot estar molt enfadat i t\u00e9 dret a estar-ho i a expressar-ho\u00a0<b>de forma sana<\/b>. Perqu\u00e8\u00a0 \u00a0l&#8217;emoci\u00f3 en s\u00ed no est\u00e0 &#8220;b\u00e9&#8221; o &#8220;malament&#8221;. Totes les emocions aporten informaci\u00f3 imprescindible per viure (i sobreviure)<\/p>\t\t\t\t\t\t\t\t<\/div>\n\t\t\t\t<\/div>\n\t\t\t\t\t<\/div>\n\t\t\t\t<\/div>\n\t\t<div class=\"elementor-element elementor-element-fe41dbf e-flex e-con-boxed e-con e-parent\" data-id=\"fe41dbf\" data-element_type=\"container\" data-e-type=\"container\">\n\t\t\t\t\t<div class=\"e-con-inner\">\n\t\t\t\t<div class=\"elementor-element elementor-element-d712608 elementor-widget elementor-widget-heading\" data-id=\"d712608\" data-element_type=\"widget\" data-e-type=\"widget\" data-widget_type=\"heading.default\">\n\t\t\t\t<div class=\"elementor-widget-container\">\n\t\t\t\t\t<h2 class=\"elementor-heading-title elementor-size-default\">Quan una emoci\u00f3 \u00e9s intensa, qu\u00e8 ens est\u00e0 dient el sistema nervi\u00f3s?<\/h2>\t\t\t\t<\/div>\n\t\t\t\t<\/div>\n\t\t\t\t\t<\/div>\n\t\t\t\t<\/div>\n\t\t<div class=\"elementor-element elementor-element-e0bcf0b e-flex e-con-boxed e-con e-parent\" data-id=\"e0bcf0b\" data-element_type=\"container\" data-e-type=\"container\">\n\t\t\t\t\t<div class=\"e-con-inner\">\n\t\t\t\t<div class=\"elementor-element elementor-element-e1ba31f elementor-widget elementor-widget-text-editor\" data-id=\"e1ba31f\" data-element_type=\"widget\" data-e-type=\"widget\" data-widget_type=\"text-editor.default\">\n\t\t\t\t<div class=\"elementor-widget-container\">\n\t\t\t\t\t\t\t\t\t<p style=\"text-align: left;\" data-start=\"1313\" data-end=\"1477\">En infants (i tamb\u00e9 en adults), de vegades veiem reaccions emocionals que no semblen \u201cproporcionals\u201d a la situaci\u00f3, com plors intensos,\u00a0 crits sobtats, bloquejos&#8230; sobretot en el cas d&#8217;infants petits, que tenen el sistema nervi\u00f3s encara immadur, o de persones molt sensibles (especialment les neurodivergents).\u00a0\u00a0Per\u00f2 gr\u00e0cies a la neuroci\u00e8ncia sabem que aix\u00f2 t\u00e9 una altra lectura molt m\u00e9s \u00fatil i compassiva: quan una emoci\u00f3 \u00e9s molt intensa davant d\u2019un est\u00edmul que no \u00e9s objectivament perill\u00f3s, sovint el nostre sistema nervi\u00f3s est\u00e0 activant una\u00a0<strong data-start=\"1333\" data-end=\"1361\">mem\u00f2ria emocional antiga<\/strong>.<\/p>\n<p style=\"text-align: left;\" data-start=\"1313\" data-end=\"1477\">\u00a0<\/p>\n<p data-start=\"1313\" data-end=\"1477\">\u00a0<\/p>\n<p data-start=\"1313\" data-end=\"1477\">\u00c9s a dir, en algun moment del passat, es va viure una situaci\u00f3 similar que va ser dolorosa \u2014emocionalment o f\u00edsicament\u2014, i el cervell ho va registrar com a possible amena\u00e7a. Aquest, que \u00e9s molt literal,\u00a0quan detecta un patr\u00f3 conegut, activa respostes de superviv\u00e8ncia com si estigu\u00e9s passant de nou. Per tant,\u00a0 inicia la\u00a0desc\u00e0rrega de neurotransmissors associats a l\u2019estr\u00e8s i preparaci\u00f3 del cos per a respostes de defensa, fugida o bloqueig.<\/p>\t\t\t\t\t\t\t\t<\/div>\n\t\t\t\t<\/div>\n\t\t\t\t\t<\/div>\n\t\t\t\t<\/div>\n\t\t<div class=\"elementor-element elementor-element-gcx1rnn e-flex e-con-boxed e-con e-parent\" data-id=\"gcx1rnn\" data-element_type=\"container\" data-e-type=\"container\" data-settings=\"{&quot;background_background&quot;:&quot;classic&quot;}\">\n\t\t\t\t\t<div class=\"e-con-inner\">\n\t\t<div class=\"elementor-element elementor-element-920e714 e-con-full e-flex e-con e-child\" data-id=\"920e714\" data-element_type=\"container\" data-e-type=\"container\">\n\t\t\t\t<\/div>\n\t\t<div class=\"elementor-element elementor-element-94092f7 e-con-full e-flex e-con e-child\" data-id=\"94092f7\" data-element_type=\"container\" data-e-type=\"container\">\n\t\t\t\t<div class=\"elementor-element elementor-element-7f86a88 elementor-widget elementor-widget-heading\" data-id=\"7f86a88\" data-element_type=\"widget\" data-e-type=\"widget\" data-widget_type=\"heading.default\">\n\t\t\t\t<div class=\"elementor-widget-container\">\n\t\t\t\t\t<h4 class=\"elementor-heading-title elementor-size-default\">No \u00e9s, doncs,  una \u201creacci\u00f3 exagerada\u201d, sin\u00f3 una resposta neurobiol\u00f2gica coherent amb la percepci\u00f3 de perill.<\/h4>\t\t\t\t<\/div>\n\t\t\t\t<\/div>\n\t\t\t\t<\/div>\n\t\t<div class=\"elementor-element elementor-element-0bd015f e-con-full e-flex e-con e-child\" data-id=\"0bd015f\" data-element_type=\"container\" data-e-type=\"container\">\n\t\t\t\t<\/div>\n\t\t\t\t\t<\/div>\n\t\t\t\t<\/div>\n\t\t<div class=\"elementor-element elementor-element-41405ab e-flex e-con-boxed e-con e-parent\" data-id=\"41405ab\" data-element_type=\"container\" data-e-type=\"container\">\n\t\t\t\t\t<div class=\"e-con-inner\">\n\t\t\t\t<div class=\"elementor-element elementor-element-e73c5b8 elementor-widget elementor-widget-text-editor\" data-id=\"e73c5b8\" data-element_type=\"widget\" data-e-type=\"widget\" data-widget_type=\"text-editor.default\">\n\t\t\t\t<div class=\"elementor-widget-container\">\n\t\t\t\t\t\t\t\t\t<p data-start=\"2096\" data-end=\"2280\">Quan aquest sistema d\u2019alerta es mant\u00e9 actiu, sovint apareixen les <strong data-start=\"2162\" data-end=\"2176\">rumiacions<\/strong>: pensaments repetitius, circulars i poc resolutius que intenten donar explicacions o anticipar perills per a &#8220;preparar-nos&#8221; i protegir-nos d&#8217;aquests. A la pr\u00e0ctica, per\u00f2, generen malestar i no ajuden gaire a protegir-se, per\u00f2 s\u00ed provoquen<\/p><p data-start=\"2096\" data-end=\"2280\">\u00a0<\/p><ul data-start=\"2585\" data-end=\"2707\"><li data-section-id=\"17v665\" data-start=\"2610\" data-end=\"2638\">Dificultat per calmar-se<\/li><li data-section-id=\"17v665\" data-start=\"2610\" data-end=\"2638\">Preocupaci\u00f3 constant<\/li><li data-section-id=\"1xswu7v\" data-start=\"2639\" data-end=\"2681\">Interpretacions r\u00edgides de la realitat<\/li><li data-section-id=\"r1v4ng\" data-start=\"2682\" data-end=\"2707\">Augment de l\u2019ansietat<\/li><\/ul>\t\t\t\t\t\t\t\t<\/div>\n\t\t\t\t<\/div>\n\t\t\t\t\t<\/div>\n\t\t\t\t<\/div>\n\t\t<div class=\"elementor-element elementor-element-17d0918 e-flex e-con-boxed e-con e-parent\" data-id=\"17d0918\" data-element_type=\"container\" data-e-type=\"container\">\n\t\t\t\t\t<div class=\"e-con-inner\">\n\t\t\t\t<div class=\"elementor-element elementor-element-42f381f elementor-widget elementor-widget-text-editor\" data-id=\"42f381f\" data-element_type=\"widget\" data-e-type=\"widget\" data-widget_type=\"text-editor.default\">\n\t\t\t\t<div class=\"elementor-widget-container\">\n\t\t\t\t\t\t\t\t\t<p data-start=\"2709\" data-end=\"2810\">En aquests moments d&#8217;estr\u00e8s intentar raonar per fer-los abaixar l&#8217;angoixa, la por o la ira pot no funcionar d&#8217;entrada i caldr\u00e0 ajudar-lo a &#8220;desactivar&#8221; els mecanismes que desencadenen l&#8217;angoixa, la por o l&#8217;emoci\u00f3 que sigui, ja que en aquests casos no s\u00f3n emocions que responguin a una realitat, sin\u00f3 la resposta a un record dolor\u00f3s. Treballar aquell record, fer conscient el nen o la nena que all\u00f2 que va passar no est\u00e0 passant en aquest moment i ajudar-lo a generar estrat\u00e8gies per protegir-se si all\u00f2 que l&#8217;incomoda es repeteix \u00e9s imprescindible.&nbsp;&nbsp;<\/p><p data-start=\"2709\" data-end=\"2810\"><br><\/p>\n<p data-start=\"2709\" data-end=\"2810\">Aix\u00ed mateix, minimitzar l&#8217;impacte de les rumiacions tamb\u00e9 \u00e9s important.&nbsp;Les afirmacions positives, la respiraci\u00f3 conscient o la meditaci\u00f3 guiada s\u00f3n eines que ajuden a&nbsp;<strong data-start=\"2973\" data-end=\"3031\">canviar el di\u00e0leg intern&nbsp;<\/strong>i promouen la calma a partir de les<strong data-start=\"2973\" data-end=\"3031\">&nbsp;<\/strong><strong data-start=\"3353\" data-end=\"3420\">experi\u00e8ncies repetides de seguretat i validaci\u00f3 emocional<\/strong>.&nbsp; Aix\u00ed com crear espais a l&#8217;aula o a casa c\u00f2mode, acollidor i amb diferents &#8220;joguines&#8221; sensorials, contes, textures&#8230; on tornar a la calma.&nbsp; Potser, despr\u00e9s de colpejar els coixins, cridar o utilitzar alguna eina de gesti\u00f3 emocional, com les nostres cartes, <em><strong>Sentir per Cr\u00e9ixer,<\/strong><\/em> disponibles a la <a href=\"https:\/\/www.etsy.com\/es\/shop\/RacodelaCalma\">botiga d&#8217;Etsy Rac\u00f3 de la Calma<\/a>.<\/p>\t\t\t\t\t\t\t\t<\/div>\n\t\t\t\t<\/div>\n\t\t\t\t\t<\/div>\n\t\t\t\t<\/div>\n\t\t<div class=\"elementor-element elementor-element-c02ac16 e-flex e-con-boxed e-con e-parent\" data-id=\"c02ac16\" data-element_type=\"container\" data-e-type=\"container\">\n\t\t\t\t\t<div class=\"e-con-inner\">\n\t\t\t\t<div class=\"elementor-element elementor-element-689bf39 elementor-widget elementor-widget-image\" data-id=\"689bf39\" data-element_type=\"widget\" data-e-type=\"widget\" data-widget_type=\"image.default\">\n\t\t\t\t<div class=\"elementor-widget-container\">\n\t\t\t\t\t\t\t\t\t\t\t\t\t\t\t<img fetchpriority=\"high\" decoding=\"async\" width=\"1024\" height=\"584\" src=\"https:\/\/racodelacalma.com\/wp-content\/uploads\/2026\/04\/rincon_calma-1024x584.png\" class=\"attachment-large size-large wp-image-3919\" alt=\"\" srcset=\"https:\/\/racodelacalma.com\/wp-content\/uploads\/2026\/04\/rincon_calma-1024x584.png 1024w, https:\/\/racodelacalma.com\/wp-content\/uploads\/2026\/04\/rincon_calma-300x171.png 300w, https:\/\/racodelacalma.com\/wp-content\/uploads\/2026\/04\/rincon_calma-768x438.png 768w, https:\/\/racodelacalma.com\/wp-content\/uploads\/2026\/04\/rincon_calma-1536x876.png 1536w, https:\/\/racodelacalma.com\/wp-content\/uploads\/2026\/04\/rincon_calma-18x10.png 18w, https:\/\/racodelacalma.com\/wp-content\/uploads\/2026\/04\/rincon_calma.png 1600w\" sizes=\"(max-width: 1024px) 100vw, 1024px\" \/>\t\t\t\t\t\t\t\t\t\t\t\t\t\t\t<\/div>\n\t\t\t\t<\/div>\n\t\t\t\t\t<\/div>\n\t\t\t\t<\/div>\n\t\t<div class=\"elementor-element elementor-element-102a2e1 e-flex e-con-boxed e-con e-parent\" data-id=\"102a2e1\" data-element_type=\"container\" data-e-type=\"container\">\n\t\t\t\t\t<div class=\"e-con-inner\">\n\t\t\t\t<div class=\"elementor-element elementor-element-b2bbaf1 elementor-widget elementor-widget-text-editor\" data-id=\"b2bbaf1\" data-element_type=\"widget\" data-e-type=\"widget\" data-widget_type=\"text-editor.default\">\n\t\t\t\t<div class=\"elementor-widget-container\">\n\t\t\t\t\t\t\t\t\t<p>Les persones <strong>neurodivergents<\/strong> som m\u00e9s <strong>propenses a aquest tipus de pensaments &#8220;intrusius&#8221;,\u00a0<\/strong> ja que tendim a rebre m\u00e9s penalitzacions\u00a0 pel nostre comportament &#8220;desajustat&#8221;. El Sistema nervi\u00f3s tendeix a ser m\u00e9s sensible i, per tant, a percebre m\u00e9s informaci\u00f3 de l&#8217;entorn i, per tant, es sobrecarrega abans que el de les persones neurot\u00edpiques i col\u00b7lapsa. Moment en el qual, poden apar\u00e9ixer emocions intenses i l&#8217;amonestaci\u00f3 de l&#8217;entorn, que\u00a0 sovint jutja el comportament d&#8217;exagerat.<\/p>\t\t\t\t\t\t\t\t<\/div>\n\t\t\t\t<\/div>\n\t\t\t\t\t<\/div>\n\t\t\t\t<\/div>\n\t\t<div class=\"elementor-element elementor-element-e78c99a e-flex e-con-boxed e-con e-parent\" data-id=\"e78c99a\" data-element_type=\"container\" data-e-type=\"container\">\n\t\t\t\t\t<div class=\"e-con-inner\">\n\t\t\t\t<div class=\"elementor-element elementor-element-77f0589 elementor-widget elementor-widget-text-editor\" data-id=\"77f0589\" data-element_type=\"widget\" data-e-type=\"widget\" data-widget_type=\"text-editor.default\">\n\t\t\t\t<div class=\"elementor-widget-container\">\n\t\t\t\t\t\t\t\t\t<p><span style=\"letter-spacing: -0.9px;\">\u00a0<\/span><span style=\"letter-spacing: -0.9px;\">Si el proc\u00e9s es repeteix sovint, apareix l&#8217;emmascarament, una estrat\u00e8gia de superviv\u00e8ncia per evitar, precisament, les reaccions adverses de l&#8217;entorn. Aquesta consisteix en deixar de mostrar certes reaccions per semblar &#8220;normal&#8221; (sigui el que sigui el que aix\u00f2 signifiqui&#8230;).\u00a0<\/span>Amb l&#8217;<strong>emmascarament<\/strong>, doncs, desapareixen les estrat\u00e8gies de regulaci\u00f3 emocional.\u00a0<\/p>\t\t\t\t\t\t\t\t<\/div>\n\t\t\t\t<\/div>\n\t\t\t\t\t<\/div>\n\t\t\t\t<\/div>\n\t\t<div class=\"elementor-element elementor-element-fbc19d4 e-flex e-con-boxed e-con e-parent\" data-id=\"fbc19d4\" data-element_type=\"container\" data-e-type=\"container\" data-settings=\"{&quot;background_background&quot;:&quot;classic&quot;}\">\n\t\t\t\t\t<div class=\"e-con-inner\">\n\t\t<div class=\"elementor-element elementor-element-2b45328 e-con-full e-flex e-con e-child\" data-id=\"2b45328\" data-element_type=\"container\" data-e-type=\"container\">\n\t\t\t\t<\/div>\n\t\t<div class=\"elementor-element elementor-element-5aa60dd e-con-full e-flex e-con e-child\" data-id=\"5aa60dd\" data-element_type=\"container\" data-e-type=\"container\">\n\t\t\t\t<div class=\"elementor-element elementor-element-7625dac elementor-widget elementor-widget-heading\" data-id=\"7625dac\" data-element_type=\"widget\" data-e-type=\"widget\" data-widget_type=\"heading.default\">\n\t\t\t\t<div class=\"elementor-widget-container\">\n\t\t\t\t\t<h4 class=\"elementor-heading-title elementor-size-default\">El primer pas per evitar (o si m\u00e9s no acompanyar) un col\u00b7lapse \u00e9s permetre (i permetre'ns) expressar els sentiments i emocions<\/h4>\t\t\t\t<\/div>\n\t\t\t\t<\/div>\n\t\t\t\t<\/div>\n\t\t<div class=\"elementor-element elementor-element-d7d72c6 e-con-full e-flex e-con e-child\" data-id=\"d7d72c6\" data-element_type=\"container\" data-e-type=\"container\">\n\t\t\t\t<\/div>\n\t\t\t\t\t<\/div>\n\t\t\t\t<\/div>\n\t\t<div class=\"elementor-element elementor-element-900c1c2 e-flex e-con-boxed e-con e-parent\" data-id=\"900c1c2\" data-element_type=\"container\" data-e-type=\"container\">\n\t\t\t\t\t<div class=\"e-con-inner\">\n\t\t\t\t<div class=\"elementor-element elementor-element-5fbcd62 elementor-widget elementor-widget-text-editor\" data-id=\"5fbcd62\" data-element_type=\"widget\" data-e-type=\"widget\" data-widget_type=\"text-editor.default\">\n\t\t\t\t<div class=\"elementor-widget-container\">\n\t\t\t\t\t\t\t\t\t<p>Quan l&#8217;adult es permet plorar, enfadar-se, posar l\u00edmits&#8230; l&#8217;infant, que apr\u00e8n per imitaci\u00f3, tamb\u00e9 ho far\u00e0. I \u00e9s m\u00e9s probable que abans d&#8217;arribar a un moment de descontrol absolut (una &#8220;rebequeria&#8221;, per exemple) d\u00f3ni senyals del seu seu estat emocional i el puguem acompanyar millor.\u00a0<\/p>\t\t\t\t\t\t\t\t<\/div>\n\t\t\t\t<\/div>\n\t\t\t\t\t<\/div>\n\t\t\t\t<\/div>\n\t\t<div class=\"elementor-element elementor-element-9c2b1c6 e-flex e-con-boxed e-con e-parent\" data-id=\"9c2b1c6\" data-element_type=\"container\" data-e-type=\"container\">\n\t\t\t\t\t<div class=\"e-con-inner\">\n\t\t\t\t<div class=\"elementor-element elementor-element-0c879fa elementor-widget elementor-widget-text-editor\" data-id=\"0c879fa\" data-element_type=\"widget\" data-e-type=\"widget\" data-widget_type=\"text-editor.default\">\n\t\t\t\t<div class=\"elementor-widget-container\">\n\t\t\t\t\t\t\t\t\t<p>No<strong> sempre podrem evitar una rebequeria <\/strong>(com tampoc podrem evitar sempre un col\u00b7lapse emocional i\/o sensorial), ni cal fer-ho tampoc! Els nens necessiten aprendre a gestionar la frustraci\u00f3, els l\u00edmits i, en definitiva<strong>,<\/strong> les dificultats a trav\u00e9s de la pr\u00e0ctica. Cal saber, doncs, que les &#8220;rebequeries&#8221; , els plors intensos, els crits, en definitiva l&#8217;expressi\u00f3 de la r\u00e0bia o la tristesa&#8230; no s\u00f3n un senyal de mala educaci\u00f3, sin\u00f3 de la incapacitat de sostenir (encara) el que estan vivint. <strong>Amb pr\u00e0ctica, acompanyament i l\u00edmits<\/strong> (no tot est\u00e0 perm\u00e9s i aix\u00f2 ho han de tenir clar per el seu propi desenvolupament saludable) , n&#8217;aprendran.\u00a0 De la mateixa manera que aprendran a protegir-se dels entorns, les persones i les situacions que els provoquen aquests sentiments&#8230; si els deixem!<\/p>\t\t\t\t\t\t\t\t<\/div>\n\t\t\t\t<\/div>\n\t\t\t\t\t<\/div>\n\t\t\t\t<\/div>\n\t\t<div class=\"elementor-element elementor-element-899cde4 e-flex e-con-boxed e-con e-parent\" data-id=\"899cde4\" data-element_type=\"container\" data-e-type=\"container\">\n\t\t\t\t\t<div class=\"e-con-inner\">\n\t\t\t\t\t<\/div>\n\t\t\t\t<\/div>\n\t\t\t\t<\/div>\n\t\t","protected":false},"excerpt":{"rendered":"<p>Educaci\u00f3 emocional: com acompanyar &#8220;rebequeries&#8221;, col\u00b7lapses i emocions intenses Les emocions no s\u00f3n bones ni dolentes: s\u00f3n informaci\u00f3 L\u2019educaci\u00f3 emocional ha de partir d\u2019una idea essencial: les emocions no s\u00f3n bones ni dolentes. S\u00f3n missatges. Informaci\u00f3 sobre el m\u00f3n intern de l\u2019infant i sobre com est\u00e0 vivint el que passa al seu voltant. Algunes emocions [&hellip;]<\/p>\n","protected":false},"author":1,"featured_media":0,"comment_status":"open","ping_status":"open","sticky":false,"template":"","format":"standard","meta":{"site-sidebar-layout":"default","site-content-layout":"","ast-site-content-layout":"default","site-content-style":"default","site-sidebar-style":"default","ast-global-header-display":"","ast-banner-title-visibility":"","ast-main-header-display":"","ast-hfb-above-header-display":"","ast-hfb-below-header-display":"","ast-hfb-mobile-header-display":"","site-post-title":"","ast-breadcrumbs-content":"","ast-featured-img":"","footer-sml-layout":"","ast-disable-related-posts":"","theme-transparent-header-meta":"","adv-header-id-meta":"","stick-header-meta":"","header-above-stick-meta":"","header-main-stick-meta":"","header-below-stick-meta":"","astra-migrate-meta-layouts":"set","ast-page-background-enabled":"default","ast-page-background-meta":{"desktop":{"background-color":"var(--ast-global-color-4)","background-image":"","background-repeat":"repeat","background-position":"center center","background-size":"auto","background-attachment":"scroll","background-type":"","background-media":"","overlay-type":"","overlay-color":"","overlay-opacity":"","overlay-gradient":""},"tablet":{"background-color":"","background-image":"","background-repeat":"repeat","background-position":"center center","background-size":"auto","background-attachment":"scroll","background-type":"","background-media":"","overlay-type":"","overlay-color":"","overlay-opacity":"","overlay-gradient":""},"mobile":{"background-color":"","background-image":"","background-repeat":"repeat","background-position":"center center","background-size":"auto","background-attachment":"scroll","background-type":"","background-media":"","overlay-type":"","overlay-color":"","overlay-opacity":"","overlay-gradient":""}},"ast-content-background-meta":{"desktop":{"background-color":"var(--ast-global-color-5)","background-image":"","background-repeat":"repeat","background-position":"center center","background-size":"auto","background-attachment":"scroll","background-type":"","background-media":"","overlay-type":"","overlay-color":"","overlay-opacity":"","overlay-gradient":""},"tablet":{"background-color":"var(--ast-global-color-5)","background-image":"","background-repeat":"repeat","background-position":"center center","background-size":"auto","background-attachment":"scroll","background-type":"","background-media":"","overlay-type":"","overlay-color":"","overlay-opacity":"","overlay-gradient":""},"mobile":{"background-color":"var(--ast-global-color-5)","background-image":"","background-repeat":"repeat","background-position":"center center","background-size":"auto","background-attachment":"scroll","background-type":"","background-media":"","overlay-type":"","overlay-color":"","overlay-opacity":"","overlay-gradient":""}},"footnotes":""},"categories":[49,48,81,80],"tags":[32,31,43,79,73],"class_list":["post-3857","post","type-post","status-publish","format-standard","hentry","category-acompanyament-a-linfant","category-crianca-respectuosa","category-educacio-emocional","category-neurodiversitat","tag-crianca-respectuosa","tag-educacio-conscient","tag-educacio-emocional","tag-maternitat","tag-neurodiversitat"],"yoast_head":"<!-- This site is optimized with the Yoast SEO plugin v27.5 - https:\/\/yoast.com\/product\/yoast-seo-wordpress\/ -->\n<title>Educaci\u00f3 emocional: acompanyar rebequeries i col\u00b7lapses - Rac\u00f3 de la calma<\/title>\n<meta name=\"description\" content=\"Descobreix com acompanyar rebequeries, col\u00b7lapses i emocions intenses en infants amb estrat\u00e8gies d\u2019educaci\u00f3 emocional per a casa i l\u2019aula.\" \/>\n<meta name=\"robots\" content=\"index, follow, max-snippet:-1, max-image-preview:large, max-video-preview:-1\" \/>\n<link rel=\"canonical\" href=\"https:\/\/racodelacalma.com\/inici\/educacio-emocional-collapses\/\" \/>\n<meta property=\"og:locale\" content=\"ca_ES\" \/>\n<meta property=\"og:type\" content=\"article\" \/>\n<meta property=\"og:title\" content=\"Educaci\u00f3 emocional: acompanyar rebequeries i col\u00b7lapses - Rac\u00f3 de la calma\" \/>\n<meta property=\"og:description\" content=\"Descobreix com acompanyar rebequeries, col\u00b7lapses i emocions intenses en infants amb estrat\u00e8gies d\u2019educaci\u00f3 emocional per a casa i l\u2019aula.\" \/>\n<meta property=\"og:url\" content=\"https:\/\/racodelacalma.com\/inici\/educacio-emocional-collapses\/\" \/>\n<meta property=\"og:site_name\" content=\"Rac\u00f3 de la calma\" \/>\n<meta property=\"article:published_time\" content=\"2026-04-29T21:36:28+00:00\" \/>\n<meta property=\"article:modified_time\" content=\"2026-04-30T13:05:50+00:00\" \/>\n<meta property=\"og:image\" content=\"https:\/\/racodelacalma.com\/wp-content\/uploads\/2026\/04\/rincon_calma.png\" \/>\n\t<meta property=\"og:image:width\" content=\"1600\" \/>\n\t<meta property=\"og:image:height\" content=\"912\" \/>\n\t<meta property=\"og:image:type\" content=\"image\/png\" \/>\n<meta name=\"author\" content=\"admin\" \/>\n<meta name=\"twitter:card\" content=\"summary_large_image\" \/>\n<meta name=\"twitter:label1\" content=\"Escrit per\" \/>\n\t<meta name=\"twitter:data1\" content=\"admin\" \/>\n\t<meta name=\"twitter:label2\" content=\"Temps estimat de lectura\" \/>\n\t<meta name=\"twitter:data2\" content=\"6 minuts\" \/>\n<script type=\"application\/ld+json\" class=\"yoast-schema-graph\">{\"@context\":\"https:\\\/\\\/schema.org\",\"@graph\":[{\"@type\":\"Article\",\"@id\":\"https:\\\/\\\/racodelacalma.com\\\/inici\\\/educacio-emocional-collapses\\\/#article\",\"isPartOf\":{\"@id\":\"https:\\\/\\\/racodelacalma.com\\\/inici\\\/educacio-emocional-collapses\\\/\"},\"author\":{\"name\":\"admin\",\"@id\":\"https:\\\/\\\/racodelacalma.com\\\/inici\\\/#\\\/schema\\\/person\\\/c2b2f8c57428e873bc2e91f3d6c0abd2\"},\"headline\":\"Educaci\u00f3 emocional: acompanyar rebequeries i col\u00b7lapses\",\"datePublished\":\"2026-04-29T21:36:28+00:00\",\"dateModified\":\"2026-04-30T13:05:50+00:00\",\"mainEntityOfPage\":{\"@id\":\"https:\\\/\\\/racodelacalma.com\\\/inici\\\/educacio-emocional-collapses\\\/\"},\"wordCount\":1065,\"commentCount\":0,\"publisher\":{\"@id\":\"https:\\\/\\\/racodelacalma.com\\\/inici\\\/#\\\/schema\\\/person\\\/c2b2f8c57428e873bc2e91f3d6c0abd2\"},\"image\":{\"@id\":\"https:\\\/\\\/racodelacalma.com\\\/inici\\\/educacio-emocional-collapses\\\/#primaryimage\"},\"thumbnailUrl\":\"https:\\\/\\\/racodelacalma.com\\\/wp-content\\\/uploads\\\/2026\\\/04\\\/rincon_calma-1024x584.png\",\"keywords\":[\"crian\u00e7a respectuosa\",\"educaci\u00f3 conscient\",\"educaci\u00f3 emocional\",\"maternitat\",\"Neurodiversitat\"],\"articleSection\":[\"Acompanyament a l'infant\",\"Crian\u00e7a respectuosa\",\"educaci\u00f3 emocional\",\"Neurodiversitat\"],\"inLanguage\":\"ca\",\"potentialAction\":[{\"@type\":\"CommentAction\",\"name\":\"Comment\",\"target\":[\"https:\\\/\\\/racodelacalma.com\\\/inici\\\/educacio-emocional-collapses\\\/#respond\"]}]},{\"@type\":\"WebPage\",\"@id\":\"https:\\\/\\\/racodelacalma.com\\\/inici\\\/educacio-emocional-collapses\\\/\",\"url\":\"https:\\\/\\\/racodelacalma.com\\\/inici\\\/educacio-emocional-collapses\\\/\",\"name\":\"Educaci\u00f3 emocional: acompanyar rebequeries i col\u00b7lapses - Rac\u00f3 de la calma\",\"isPartOf\":{\"@id\":\"https:\\\/\\\/racodelacalma.com\\\/inici\\\/#website\"},\"primaryImageOfPage\":{\"@id\":\"https:\\\/\\\/racodelacalma.com\\\/inici\\\/educacio-emocional-collapses\\\/#primaryimage\"},\"image\":{\"@id\":\"https:\\\/\\\/racodelacalma.com\\\/inici\\\/educacio-emocional-collapses\\\/#primaryimage\"},\"thumbnailUrl\":\"https:\\\/\\\/racodelacalma.com\\\/wp-content\\\/uploads\\\/2026\\\/04\\\/rincon_calma-1024x584.png\",\"datePublished\":\"2026-04-29T21:36:28+00:00\",\"dateModified\":\"2026-04-30T13:05:50+00:00\",\"description\":\"Descobreix com acompanyar rebequeries, col\u00b7lapses i emocions intenses en infants amb estrat\u00e8gies d\u2019educaci\u00f3 emocional per a casa i l\u2019aula.\",\"breadcrumb\":{\"@id\":\"https:\\\/\\\/racodelacalma.com\\\/inici\\\/educacio-emocional-collapses\\\/#breadcrumb\"},\"inLanguage\":\"ca\",\"potentialAction\":[{\"@type\":\"ReadAction\",\"target\":[\"https:\\\/\\\/racodelacalma.com\\\/inici\\\/educacio-emocional-collapses\\\/\"]}]},{\"@type\":\"ImageObject\",\"inLanguage\":\"ca\",\"@id\":\"https:\\\/\\\/racodelacalma.com\\\/inici\\\/educacio-emocional-collapses\\\/#primaryimage\",\"url\":\"https:\\\/\\\/racodelacalma.com\\\/wp-content\\\/uploads\\\/2026\\\/04\\\/rincon_calma-1024x584.png\",\"contentUrl\":\"https:\\\/\\\/racodelacalma.com\\\/wp-content\\\/uploads\\\/2026\\\/04\\\/rincon_calma-1024x584.png\"},{\"@type\":\"BreadcrumbList\",\"@id\":\"https:\\\/\\\/racodelacalma.com\\\/inici\\\/educacio-emocional-collapses\\\/#breadcrumb\",\"itemListElement\":[{\"@type\":\"ListItem\",\"position\":1,\"name\":\"Home\",\"item\":\"https:\\\/\\\/racodelacalma.com\\\/inici\\\/\"},{\"@type\":\"ListItem\",\"position\":2,\"name\":\"Educaci\u00f3 emocional: acompanyar rebequeries i col\u00b7lapses\"}]},{\"@type\":\"WebSite\",\"@id\":\"https:\\\/\\\/racodelacalma.com\\\/inici\\\/#website\",\"url\":\"https:\\\/\\\/racodelacalma.com\\\/inici\\\/\",\"name\":\"Rac\u00f3 de la calma\",\"description\":\"Un espai per reflexionar sobre educaci\u00f3 inclusiva i on trobar\u00e0s materials, jocs, idees per treballar des d&#039;infantil a secund\u00e0ria... I molt m\u00e9s!\",\"publisher\":{\"@id\":\"https:\\\/\\\/racodelacalma.com\\\/inici\\\/#\\\/schema\\\/person\\\/c2b2f8c57428e873bc2e91f3d6c0abd2\"},\"alternateName\":\"racodelacalma\",\"potentialAction\":[{\"@type\":\"SearchAction\",\"target\":{\"@type\":\"EntryPoint\",\"urlTemplate\":\"https:\\\/\\\/racodelacalma.com\\\/inici\\\/?s={search_term_string}\"},\"query-input\":{\"@type\":\"PropertyValueSpecification\",\"valueRequired\":true,\"valueName\":\"search_term_string\"}}],\"inLanguage\":\"ca\"},{\"@type\":[\"Person\",\"Organization\"],\"@id\":\"https:\\\/\\\/racodelacalma.com\\\/inici\\\/#\\\/schema\\\/person\\\/c2b2f8c57428e873bc2e91f3d6c0abd2\",\"name\":\"admin\",\"image\":{\"@type\":\"ImageObject\",\"inLanguage\":\"ca\",\"@id\":\"https:\\\/\\\/racodelacalma.com\\\/wp-content\\\/uploads\\\/2026\\\/04\\\/Diseno-sin-titulo.png\",\"url\":\"https:\\\/\\\/racodelacalma.com\\\/wp-content\\\/uploads\\\/2026\\\/04\\\/Diseno-sin-titulo.png\",\"contentUrl\":\"https:\\\/\\\/racodelacalma.com\\\/wp-content\\\/uploads\\\/2026\\\/04\\\/Diseno-sin-titulo.png\",\"width\":1536,\"height\":1024,\"caption\":\"admin\"},\"logo\":{\"@id\":\"https:\\\/\\\/racodelacalma.com\\\/wp-content\\\/uploads\\\/2026\\\/04\\\/Diseno-sin-titulo.png\"},\"sameAs\":[\"https:\\\/\\\/racodelacalma.com\",\"https:\\\/\\\/es.pinterest.com\\\/racodelacalma10\\\/\",\"https:\\\/\\\/www.youtube.com\\\/@racodelacalma\"],\"url\":\"https:\\\/\\\/racodelacalma.com\\\/inici\\\/author\\\/admin\\\/\"}]}<\/script>\n<!-- \/ Yoast SEO plugin. -->","yoast_head_json":{"title":"Educaci\u00f3 emocional: acompanyar rebequeries i col\u00b7lapses - Rac\u00f3 de la calma","description":"Descobreix com acompanyar rebequeries, col\u00b7lapses i emocions intenses en infants amb estrat\u00e8gies d\u2019educaci\u00f3 emocional per a casa i l\u2019aula.","robots":{"index":"index","follow":"follow","max-snippet":"max-snippet:-1","max-image-preview":"max-image-preview:large","max-video-preview":"max-video-preview:-1"},"canonical":"https:\/\/racodelacalma.com\/inici\/educacio-emocional-collapses\/","og_locale":"ca_ES","og_type":"article","og_title":"Educaci\u00f3 emocional: acompanyar rebequeries i col\u00b7lapses - Rac\u00f3 de la calma","og_description":"Descobreix com acompanyar rebequeries, col\u00b7lapses i emocions intenses en infants amb estrat\u00e8gies d\u2019educaci\u00f3 emocional per a casa i l\u2019aula.","og_url":"https:\/\/racodelacalma.com\/inici\/educacio-emocional-collapses\/","og_site_name":"Rac\u00f3 de la calma","article_published_time":"2026-04-29T21:36:28+00:00","article_modified_time":"2026-04-30T13:05:50+00:00","og_image":[{"width":1600,"height":912,"url":"https:\/\/racodelacalma.com\/wp-content\/uploads\/2026\/04\/rincon_calma.png","type":"image\/png"}],"author":"admin","twitter_card":"summary_large_image","twitter_misc":{"Escrit per":"admin","Temps estimat de lectura":"6 minuts"},"schema":{"@context":"https:\/\/schema.org","@graph":[{"@type":"Article","@id":"https:\/\/racodelacalma.com\/inici\/educacio-emocional-collapses\/#article","isPartOf":{"@id":"https:\/\/racodelacalma.com\/inici\/educacio-emocional-collapses\/"},"author":{"name":"admin","@id":"https:\/\/racodelacalma.com\/inici\/#\/schema\/person\/c2b2f8c57428e873bc2e91f3d6c0abd2"},"headline":"Educaci\u00f3 emocional: acompanyar rebequeries i col\u00b7lapses","datePublished":"2026-04-29T21:36:28+00:00","dateModified":"2026-04-30T13:05:50+00:00","mainEntityOfPage":{"@id":"https:\/\/racodelacalma.com\/inici\/educacio-emocional-collapses\/"},"wordCount":1065,"commentCount":0,"publisher":{"@id":"https:\/\/racodelacalma.com\/inici\/#\/schema\/person\/c2b2f8c57428e873bc2e91f3d6c0abd2"},"image":{"@id":"https:\/\/racodelacalma.com\/inici\/educacio-emocional-collapses\/#primaryimage"},"thumbnailUrl":"https:\/\/racodelacalma.com\/wp-content\/uploads\/2026\/04\/rincon_calma-1024x584.png","keywords":["crian\u00e7a respectuosa","educaci\u00f3 conscient","educaci\u00f3 emocional","maternitat","Neurodiversitat"],"articleSection":["Acompanyament a l'infant","Crian\u00e7a respectuosa","educaci\u00f3 emocional","Neurodiversitat"],"inLanguage":"ca","potentialAction":[{"@type":"CommentAction","name":"Comment","target":["https:\/\/racodelacalma.com\/inici\/educacio-emocional-collapses\/#respond"]}]},{"@type":"WebPage","@id":"https:\/\/racodelacalma.com\/inici\/educacio-emocional-collapses\/","url":"https:\/\/racodelacalma.com\/inici\/educacio-emocional-collapses\/","name":"Educaci\u00f3 emocional: acompanyar rebequeries i col\u00b7lapses - Rac\u00f3 de la calma","isPartOf":{"@id":"https:\/\/racodelacalma.com\/inici\/#website"},"primaryImageOfPage":{"@id":"https:\/\/racodelacalma.com\/inici\/educacio-emocional-collapses\/#primaryimage"},"image":{"@id":"https:\/\/racodelacalma.com\/inici\/educacio-emocional-collapses\/#primaryimage"},"thumbnailUrl":"https:\/\/racodelacalma.com\/wp-content\/uploads\/2026\/04\/rincon_calma-1024x584.png","datePublished":"2026-04-29T21:36:28+00:00","dateModified":"2026-04-30T13:05:50+00:00","description":"Descobreix com acompanyar rebequeries, col\u00b7lapses i emocions intenses en infants amb estrat\u00e8gies d\u2019educaci\u00f3 emocional per a casa i l\u2019aula.","breadcrumb":{"@id":"https:\/\/racodelacalma.com\/inici\/educacio-emocional-collapses\/#breadcrumb"},"inLanguage":"ca","potentialAction":[{"@type":"ReadAction","target":["https:\/\/racodelacalma.com\/inici\/educacio-emocional-collapses\/"]}]},{"@type":"ImageObject","inLanguage":"ca","@id":"https:\/\/racodelacalma.com\/inici\/educacio-emocional-collapses\/#primaryimage","url":"https:\/\/racodelacalma.com\/wp-content\/uploads\/2026\/04\/rincon_calma-1024x584.png","contentUrl":"https:\/\/racodelacalma.com\/wp-content\/uploads\/2026\/04\/rincon_calma-1024x584.png"},{"@type":"BreadcrumbList","@id":"https:\/\/racodelacalma.com\/inici\/educacio-emocional-collapses\/#breadcrumb","itemListElement":[{"@type":"ListItem","position":1,"name":"Home","item":"https:\/\/racodelacalma.com\/inici\/"},{"@type":"ListItem","position":2,"name":"Educaci\u00f3 emocional: acompanyar rebequeries i col\u00b7lapses"}]},{"@type":"WebSite","@id":"https:\/\/racodelacalma.com\/inici\/#website","url":"https:\/\/racodelacalma.com\/inici\/","name":"Rac\u00f3 de la calma","description":"Un espai per reflexionar sobre educaci\u00f3 inclusiva i on trobar\u00e0s materials, jocs, idees per treballar des d&#039;infantil a secund\u00e0ria... I molt m\u00e9s!","publisher":{"@id":"https:\/\/racodelacalma.com\/inici\/#\/schema\/person\/c2b2f8c57428e873bc2e91f3d6c0abd2"},"alternateName":"racodelacalma","potentialAction":[{"@type":"SearchAction","target":{"@type":"EntryPoint","urlTemplate":"https:\/\/racodelacalma.com\/inici\/?s={search_term_string}"},"query-input":{"@type":"PropertyValueSpecification","valueRequired":true,"valueName":"search_term_string"}}],"inLanguage":"ca"},{"@type":["Person","Organization"],"@id":"https:\/\/racodelacalma.com\/inici\/#\/schema\/person\/c2b2f8c57428e873bc2e91f3d6c0abd2","name":"admin","image":{"@type":"ImageObject","inLanguage":"ca","@id":"https:\/\/racodelacalma.com\/wp-content\/uploads\/2026\/04\/Diseno-sin-titulo.png","url":"https:\/\/racodelacalma.com\/wp-content\/uploads\/2026\/04\/Diseno-sin-titulo.png","contentUrl":"https:\/\/racodelacalma.com\/wp-content\/uploads\/2026\/04\/Diseno-sin-titulo.png","width":1536,"height":1024,"caption":"admin"},"logo":{"@id":"https:\/\/racodelacalma.com\/wp-content\/uploads\/2026\/04\/Diseno-sin-titulo.png"},"sameAs":["https:\/\/racodelacalma.com","https:\/\/es.pinterest.com\/racodelacalma10\/","https:\/\/www.youtube.com\/@racodelacalma"],"url":"https:\/\/racodelacalma.com\/inici\/author\/admin\/"}]}},"_links":{"self":[{"href":"https:\/\/racodelacalma.com\/inici\/wp-json\/wp\/v2\/posts\/3857","targetHints":{"allow":["GET"]}}],"collection":[{"href":"https:\/\/racodelacalma.com\/inici\/wp-json\/wp\/v2\/posts"}],"about":[{"href":"https:\/\/racodelacalma.com\/inici\/wp-json\/wp\/v2\/types\/post"}],"author":[{"embeddable":true,"href":"https:\/\/racodelacalma.com\/inici\/wp-json\/wp\/v2\/users\/1"}],"replies":[{"embeddable":true,"href":"https:\/\/racodelacalma.com\/inici\/wp-json\/wp\/v2\/comments?post=3857"}],"version-history":[{"count":15,"href":"https:\/\/racodelacalma.com\/inici\/wp-json\/wp\/v2\/posts\/3857\/revisions"}],"predecessor-version":[{"id":3923,"href":"https:\/\/racodelacalma.com\/inici\/wp-json\/wp\/v2\/posts\/3857\/revisions\/3923"}],"wp:attachment":[{"href":"https:\/\/racodelacalma.com\/inici\/wp-json\/wp\/v2\/media?parent=3857"}],"wp:term":[{"taxonomy":"category","embeddable":true,"href":"https:\/\/racodelacalma.com\/inici\/wp-json\/wp\/v2\/categories?post=3857"},{"taxonomy":"post_tag","embeddable":true,"href":"https:\/\/racodelacalma.com\/inici\/wp-json\/wp\/v2\/tags?post=3857"}],"curies":[{"name":"wp","href":"https:\/\/api.w.org\/{rel}","templated":true}]}}